{"id":45626,"date":"2023-10-26T09:17:26","date_gmt":"2023-10-26T07:17:26","guid":{"rendered":"https:\/\/www.safeshops.be\/?p=45626"},"modified":"2025-04-10T16:39:00","modified_gmt":"2025-04-10T14:39:00","slug":"communique-de-presse-becommerce-et-safeshops-be-annoncent-leur-fusion","status":"publish","type":"post","link":"https:\/\/becom.digital\/fr\/communique-de-presse-becommerce-et-safeshops-be-annoncent-leur-fusion\/","title":{"rendered":"Communiqu\u00e9 de presse: BeCommerce et SafeShops.be annoncent leur fusion"},"content":{"rendered":"<div class=\"wpb-content-wrapper\"><p>[vc_row][vc_column]<h1 class=\"headline font-special fontsize-m fontweight-inherit lh-inherit align-left transform-inherit \" style=\"margin: 0 0 20px 0; color: #ff9500;\">BeCommerce et SafeShops.be annoncent leur fusion<\/h1>[\/vc_column][\/vc_row][vc_row type=&#8221;full_width_section&#8221; bg_color=&#8221;#ffffff&#8221; top_padding=&#8221;5&#8243; bottom_padding=&#8221;5&#8243;][vc_column column_padding=&#8221;padding-2&#8243;][vc_column_text]<strong>Bruxelles, 26 octobre 2023 &#8211; Les associations sectorielles belges repr\u00e9sentant les int\u00e9r\u00eats du commerce \u00e9lectronique belge ont annonc\u00e9 aujourd&#8217;hui leur d\u00e9cision d&#8217;unir leurs forces.\u00a0 La nouvelle f\u00e9d\u00e9ration s&#8217;appuiera sur les efforts et r\u00e9alisations des deux associations et visera \u00e0 promouvoir le commerce \u00e9lectronique belge d&#8217;une mani\u00e8re s\u00fbre, fiable et durable.<\/strong>[\/vc_column_text][\/vc_column][\/vc_row][vc_row][vc_column][vc_column_text]Ces derni\u00e8res ann\u00e9es, le secteur belge du commerce \u00e9lectronique a pris une position strat\u00e9gique dans notre soci\u00e9t\u00e9, en partie en raison de la crise Covid. Le commerce en ligne n&#8217;est plus une tendance, il est devenu un \u00e9l\u00e9ment incontournable et \u00e0 part enti\u00e8re de l&#8217;\u00e9conomie belge.<\/p>\n<p>Depuis des ann\u00e9es, les associations sectorielles BeCommerce et SafeShops.be cr\u00e9ent un environnement dans lequel les achats en ligne de produits et de services peuvent \u00eatre effectu\u00e9s de mani\u00e8re s\u00fbre et fiable, tant pour le consommateur, le client en ligne que pour la boutique en ligne belge. En unissant leurs forces, les besoins de tous les commer\u00e7ants en ligne, petits et grands, pourront \u00eatre encore mieux satisfaits.<\/p>\n<blockquote><p>Jan Vereecke, pr\u00e9sident de BeCommerce : \u00ab\u00a0<em>Avec la nouvelle f\u00e9d\u00e9ration, nous voulons franchir une nouvelle \u00e9tape pour le secteur belge du commerce \u00e9lectronique. Nous voulons construire ensemble une vision plus large dans laquelle l&#8217;\u00e9conomie num\u00e9rique se voit offrir toutes les opportunit\u00e9s. De plus, en r\u00e9unissant l&#8217;expertise de BeCommerce et de SafeShops.be, nous constituons un partenaire solide pour promouvoir &#8211; avec le gouvernement &#8211; un commerce \u00e9lectronique durable.<\/em>\u00a0\u00bb<\/p><\/blockquote>\n<p>La nouvelle f\u00e9d\u00e9ration visera \u00e0 stimuler l&#8217;\u00e9conomie num\u00e9rique belge. D&#8217;une part, en informant les clients en ligne que le commerce num\u00e9rique peut se faire de mani\u00e8re s\u00fbre, fiable et durable. D&#8217;autre part, en fournissant aux boutiques en ligne un cadre leur permettant de s&#8217;adresser au consommateur ou au client professionnel de la \u201cbonne\u201d mani\u00e8re.<\/p>\n<p>Greet Dekocker, Managing Partner de SafeShops.be, assurera la gestion quotidienne de la nouvelle f\u00e9d\u00e9ration.\u00a0 Jan Vereecke : \u00ab\u00a0<em>Greet ma\u00eetrise mieux que quiconque le secteur belge du commerce \u00e9lectronique. Nous avons pleine confiance en ses capacit\u00e9s de mener le projet \u00e0 bien. \u201d <\/em><\/p>\n<blockquote><p>Greet Dekocker, Managing Partner de SafeShops.be : \u201c<em>Ensemble, dans les semaines \u00e0 venir avec les membres de SafeShops.be et de BeCommerce, nous allons travailler sur le design de la nouvelle f\u00e9d\u00e9ration. Celle-ci tiendra compte des besoins et des exigences des diff\u00e9rents profils de membres.\u00a0 Par exemple, les boutiques en ligne d\u00e9butantes ont davantage besoin de formations de base, tandis que les acteurs plus exp\u00e9riment\u00e9s ou les commer\u00e7ants en ligne B2B recherchent davantage de connaissances sur la durabilit\u00e9 ou le commerce international, entre autres.\u00a0 Des formules de services diff\u00e9renci\u00e9es seront \u00e9labor\u00e9es pour r\u00e9pondre \u00e0 ces besoins, ce qui permettra aux diff\u00e9rents acteurs en ligne, grands et petits, de tous se retrouver dans ce nouveau projet.<\/em>\u00a0\u00bb<\/p><\/blockquote>\n<p>En Belgique, le secteur du commerce \u00e9lectronique compte quelque 50 000 boutiques en ligne et il est devenu une partie int\u00e9grante de l\u2019\u00e9conomie belge. Il repr\u00e9sente un chiffre d&#8217;affaires de 11,7 milliards d&#8217;euros et plus de 150 millions de transactions.<\/p>\n<blockquote><p>\u00ab\u00a0<em>Ces chiffres, coupl\u00e9s \u00e0 la formidable r\u00e9silience et cr\u00e9ativit\u00e9 dont font preuve chaque jour les commer\u00e7ants en ligne, indiquent un avenir prometteur pour le secteur. Avec la nouvelle f\u00e9d\u00e9ration fusionn\u00e9e, nous pourrons soutenir et guider pleinement les acteurs du commerce \u00e9lectronique dans leur d\u00e9marche.<\/em>\u00a0\u00bb conclut Jan Vereecke.<\/p><\/blockquote>\n<p>[\/vc_column_text][\/vc_column][\/vc_row][vc_row][vc_column width=&#8221;1\/1&#8243;]<h3 class=\"headline font-inherit fontsize-s fontweight-700 lh-inherit align-left transform-inherit \" style=\"margin: 0 0 20px 0;\">\u00c0 propos de SafeShops.be et BeCommerce<br \/>\n<\/h3>[vc_column_text]<strong>Contact<\/strong><br \/>\nBeCommerce<br \/>\nJan Vereecke, Pr\u00e9sident dus Conseil d\u2019Administration de BeCommerce &#8211; <a href=\"mailto:president@becommerce.be\">president@becommerce.be<\/a><\/p>\n<p>SafeShops<br \/>\nGreet Dekocker, Directeur G\u00e9n\u00e9rale de SafeShops &#8211;\u00a0<a href=\"mailto:greet@safeshops.be\">greet@safeshops.be<\/a> &#8211; +32 476 99 29 40[\/vc_column_text][vc_column_text]Depuis des ann\u00e9es, les associations sectorielles BeCommerce et SafeShops.be cr\u00e9ent un environnement dans lequel les achats en ligne de produits et de services peuvent \u00eatre effectu\u00e9s de mani\u00e8re s\u00fbre et fiable, tant pour le consommateur, que pour la boutique en ligne belge. En unissant leurs forces, les besoins de tous les commer\u00e7ants en ligne pourront \u00eatre encore mieux servis.<\/p>\n<p>La nouvelle f\u00e9d\u00e9ration visera \u00e0 stimuler le commerce \u00e9lectronique et l&#8217;\u00e9conomie num\u00e9rique belge. Son objectif est, d&#8217;une part, d&#8217;accro\u00eetre la confiance des consommateurs dans les achats en ligne en informant ces derniers que le commerce num\u00e9rique peut se faire de mani\u00e8re s\u00fbre, fiable et durable. D&#8217;autre part, elle fournit aux boutiques en ligne un cadre leur permettant de s&#8217;adresser au client particulier ou professionnel de la \u2018bonne\u2019 mani\u00e8re et leur offre un soutien et un accompagnement dans leur croissance.[\/vc_column_text][\/vc_column][\/vc_row]<\/p>\n<\/div>","protected":false},"excerpt":{"rendered":"<p>[vc_row][vc_column][\/vc_column][\/vc_row][vc_row type=&#8221;full_width_section&#8221; bg_color=&#8221;#ffffff&#8221; top_padding=&#8221;5&#8243; bottom_padding=&#8221;5&#8243;][vc_column column_padding=&#8221;padding-2&#8243;][vc_column_text]Bruxelles, 26 octobre 2023 &#8211; Les associations sectorielles belges repr\u00e9sentant les int\u00e9r\u00eats du commerce \u00e9lectronique belge ont annonc\u00e9 aujourd&#8217;hui leur d\u00e9cision d&#8217;unir leurs forces.\u00a0 La nouvelle f\u00e9d\u00e9ration s&#8217;appuiera sur les efforts et r\u00e9alisations des deux associations et visera \u00e0 promouvoir le commerce \u00e9lectronique belge d&#8217;une mani\u00e8re s\u00fbre, fiable et durable.[\/vc_column_text][\/vc_column][\/vc_row][vc_row][vc_column][vc_column_text]Ces derni\u00e8res ann\u00e9es, le secteur belge du commerce \u00e9lectronique a pris une position strat\u00e9gique dans notre soci\u00e9t\u00e9, en partie en raison de la crise Covid. Le commerce en ligne n&#8217;est plus une tendance, il est devenu un \u00e9l\u00e9ment incontournable et \u00e0 part enti\u00e8re de l&#8217;\u00e9conomie belge. Depuis des ann\u00e9es, les associations sectorielles BeCommerce et SafeShops.be cr\u00e9ent un environnement dans lequel les achats en ligne de produits et de services peuvent \u00eatre effectu\u00e9s de mani\u00e8re s\u00fbre et fiable, tant pour le consommateur, le client en ligne que pour la boutique en ligne belge. En unissant leurs forces, les besoins de tous les commer\u00e7ants en ligne, petits et grands, pourront \u00eatre encore mieux satisfaits. Jan Vereecke, pr\u00e9sident de BeCommerce : \u00ab\u00a0Avec la nouvelle f\u00e9d\u00e9ration, nous voulons franchir une nouvelle \u00e9tape pour le secteur belge du commerce \u00e9lectronique. Nous voulons construire ensemble une vision plus large dans laquelle l&#8217;\u00e9conomie [&hellip;]<\/p>\n","protected":false},"author":2,"featured_media":49925,"comment_status":"closed","ping_status":"closed","sticky":false,"template":"","format":"standard","meta":{"_EventAllDay":false,"_EventTimezone":"","_EventStartDate":"","_EventEndDate":"","_EventStartDateUTC":"","_EventEndDateUTC":"","_EventShowMap":false,"_EventShowMapLink":false,"_EventURL":"","_EventCost":"","_EventCostDescription":"","_EventCurrencySymbol":"","_EventCurrencyCode":"","_EventCurrencyPosition":"","_EventDateTimeSeparator":"","_EventTimeRangeSeparator":"","_EventOrganizerID":[],"_EventVenueID":[],"_OrganizerEmail":"","_OrganizerPhone":"","_OrganizerWebsite":"","_VenueAddress":"","_VenueCity":"","_VenueCountry":"","_VenueProvince":"","_VenueState":"","_VenueZip":"","_VenuePhone":"","_VenueURL":"","_VenueStateProvince":"","_VenueLat":"","_VenueLng":"","_VenueShowMap":false,"_VenueShowMapLink":false,"footnotes":""},"categories":[598],"tags":[],"class_list":["post-45626","post","type-post","status-publish","format-standard","has-post-thumbnail","hentry","category-communique-de-presse"],"yoast_head":"<!-- This site is optimized with the Yoast SEO plugin v26.4 - https:\/\/yoast.com\/wordpress\/plugins\/seo\/ -->\n<title>Communiqu\u00e9 de presse: BeCommerce et SafeShops.be annoncent leur fusion - Becom<\/title>\n<meta name=\"description\" content=\"Communiqu\u00e9 de presse: BeCommerce et SafeShops.be annoncent leur fusion\" \/>\n<meta name=\"robots\" content=\"index, follow, max-snippet:-1, max-image-preview:large, max-video-preview:-1\" \/>\n<link rel=\"canonical\" href=\"https:\/\/becom.digital\/fr\/communique-de-presse-becommerce-et-safeshops-be-annoncent-leur-fusion\/\" \/>\n<meta property=\"og:locale\" content=\"fr_FR\" \/>\n<meta property=\"og:type\" content=\"article\" \/>\n<meta property=\"og:title\" content=\"Communiqu\u00e9 de presse: BeCommerce et SafeShops.be annoncent leur fusion - Becom\" \/>\n<meta property=\"og:description\" content=\"Communiqu\u00e9 de presse: BeCommerce et SafeShops.be annoncent leur fusion\" \/>\n<meta property=\"og:url\" content=\"https:\/\/becom.digital\/fr\/communique-de-presse-becommerce-et-safeshops-be-annoncent-leur-fusion\/\" \/>\n<meta property=\"og:site_name\" content=\"Becom\" \/>\n<meta property=\"article:publisher\" content=\"https:\/\/www.facebook.com\/Becomdigitalfederation\/\" \/>\n<meta property=\"article:published_time\" content=\"2023-10-26T07:17:26+00:00\" \/>\n<meta property=\"article:modified_time\" content=\"2025-04-10T14:39:00+00:00\" \/>\n<meta property=\"og:image\" content=\"https:\/\/becom.digital\/app\/uploads\/2023\/01\/press-fusie-1.png\" \/>\n\t<meta property=\"og:image:width\" content=\"2475\" \/>\n\t<meta property=\"og:image:height\" content=\"2475\" \/>\n\t<meta property=\"og:image:type\" content=\"image\/png\" \/>\n<meta name=\"author\" content=\"SafeShops.be\" \/>\n<meta name=\"twitter:card\" content=\"summary_large_image\" \/>\n<meta name=\"twitter:creator\" content=\"@becomdigital\" \/>\n<meta name=\"twitter:site\" content=\"@becomdigital\" \/>\n<meta name=\"twitter:label1\" content=\"Written by\" \/>\n\t<meta name=\"twitter:data1\" content=\"SafeShops.be\" \/>\n\t<meta name=\"twitter:label2\" content=\"Est. reading time\" \/>\n\t<meta name=\"twitter:data2\" content=\"3 minutes\" \/>\n<script type=\"application\/ld+json\" class=\"yoast-schema-graph\">{\"@context\":\"https:\/\/schema.org\",\"@graph\":[{\"@type\":\"Article\",\"@id\":\"https:\/\/becom.digital\/fr\/communique-de-presse-becommerce-et-safeshops-be-annoncent-leur-fusion\/#article\",\"isPartOf\":{\"@id\":\"https:\/\/becom.digital\/fr\/communique-de-presse-becommerce-et-safeshops-be-annoncent-leur-fusion\/\"},\"author\":{\"name\":\"SafeShops.be\",\"@id\":\"https:\/\/becom.digital\/fr\/#\/schema\/person\/9d2f9325b57c5b0c6f00b71c75dbc97f\"},\"headline\":\"Communiqu\u00e9 de presse: BeCommerce et SafeShops.be annoncent leur fusion\",\"datePublished\":\"2023-10-26T07:17:26+00:00\",\"dateModified\":\"2025-04-10T14:39:00+00:00\",\"mainEntityOfPage\":{\"@id\":\"https:\/\/becom.digital\/fr\/communique-de-presse-becommerce-et-safeshops-be-annoncent-leur-fusion\/\"},\"wordCount\":895,\"publisher\":{\"@id\":\"https:\/\/becom.digital\/fr\/#organization\"},\"image\":{\"@id\":\"https:\/\/becom.digital\/fr\/communique-de-presse-becommerce-et-safeshops-be-annoncent-leur-fusion\/#primaryimage\"},\"thumbnailUrl\":\"https:\/\/becom.digital\/app\/uploads\/2023\/01\/press-fusie-1.png\",\"articleSection\":[\"Communiqu\u00e9 de presse\"],\"inLanguage\":\"fr-FR\"},{\"@type\":\"WebPage\",\"@id\":\"https:\/\/becom.digital\/fr\/communique-de-presse-becommerce-et-safeshops-be-annoncent-leur-fusion\/\",\"url\":\"https:\/\/becom.digital\/fr\/communique-de-presse-becommerce-et-safeshops-be-annoncent-leur-fusion\/\",\"name\":\"Communiqu\u00e9 de presse: BeCommerce et SafeShops.be annoncent leur fusion - Becom\",\"isPartOf\":{\"@id\":\"https:\/\/becom.digital\/fr\/#website\"},\"primaryImageOfPage\":{\"@id\":\"https:\/\/becom.digital\/fr\/communique-de-presse-becommerce-et-safeshops-be-annoncent-leur-fusion\/#primaryimage\"},\"image\":{\"@id\":\"https:\/\/becom.digital\/fr\/communique-de-presse-becommerce-et-safeshops-be-annoncent-leur-fusion\/#primaryimage\"},\"thumbnailUrl\":\"https:\/\/becom.digital\/app\/uploads\/2023\/01\/press-fusie-1.png\",\"datePublished\":\"2023-10-26T07:17:26+00:00\",\"dateModified\":\"2025-04-10T14:39:00+00:00\",\"description\":\"Communiqu\u00e9 de presse: BeCommerce et SafeShops.be annoncent leur fusion\",\"breadcrumb\":{\"@id\":\"https:\/\/becom.digital\/fr\/communique-de-presse-becommerce-et-safeshops-be-annoncent-leur-fusion\/#breadcrumb\"},\"inLanguage\":\"fr-FR\",\"potentialAction\":[{\"@type\":\"ReadAction\",\"target\":[\"https:\/\/becom.digital\/fr\/communique-de-presse-becommerce-et-safeshops-be-annoncent-leur-fusion\/\"]}]},{\"@type\":\"ImageObject\",\"inLanguage\":\"fr-FR\",\"@id\":\"https:\/\/becom.digital\/fr\/communique-de-presse-becommerce-et-safeshops-be-annoncent-leur-fusion\/#primaryimage\",\"url\":\"https:\/\/becom.digital\/app\/uploads\/2023\/01\/press-fusie-1.png\",\"contentUrl\":\"https:\/\/becom.digital\/app\/uploads\/2023\/01\/press-fusie-1.png\",\"width\":2475,\"height\":2475},{\"@type\":\"BreadcrumbList\",\"@id\":\"https:\/\/becom.digital\/fr\/communique-de-presse-becommerce-et-safeshops-be-annoncent-leur-fusion\/#breadcrumb\",\"itemListElement\":[{\"@type\":\"ListItem\",\"position\":1,\"name\":\"Home\",\"item\":\"https:\/\/becom.digital\/fr\/\"},{\"@type\":\"ListItem\",\"position\":2,\"name\":\"Communiqu\u00e9 de presse: BeCommerce et SafeShops.be annoncent leur fusion\"}]},{\"@type\":\"WebSite\",\"@id\":\"https:\/\/becom.digital\/fr\/#website\",\"url\":\"https:\/\/becom.digital\/fr\/\",\"name\":\"Becom\",\"description\":\"Your digital wings\",\"publisher\":{\"@id\":\"https:\/\/becom.digital\/fr\/#organization\"},\"potentialAction\":[{\"@type\":\"SearchAction\",\"target\":{\"@type\":\"EntryPoint\",\"urlTemplate\":\"https:\/\/becom.digital\/fr\/?s={search_term_string}\"},\"query-input\":{\"@type\":\"PropertyValueSpecification\",\"valueRequired\":true,\"valueName\":\"search_term_string\"}}],\"inLanguage\":\"fr-FR\"},{\"@type\":\"Organization\",\"@id\":\"https:\/\/becom.digital\/fr\/#organization\",\"name\":\"Becom\",\"url\":\"https:\/\/becom.digital\/fr\/\",\"logo\":{\"@type\":\"ImageObject\",\"inLanguage\":\"fr-FR\",\"@id\":\"https:\/\/becom.digital\/fr\/#\/schema\/logo\/image\/\",\"url\":\"https:\/\/becom.digital\/app\/uploads\/2023\/10\/Becom_logo_POS_basic-3-e1697538309895.png\",\"contentUrl\":\"https:\/\/becom.digital\/app\/uploads\/2023\/10\/Becom_logo_POS_basic-3-e1697538309895.png\",\"width\":200,\"height\":72,\"caption\":\"Becom\"},\"image\":{\"@id\":\"https:\/\/becom.digital\/fr\/#\/schema\/logo\/image\/\"},\"sameAs\":[\"https:\/\/www.facebook.com\/Becomdigitalfederation\/\",\"https:\/\/x.com\/becomdigital\",\"https:\/\/www.linkedin.com\/company\/becomfederation\/\",\"https:\/\/www.instagram.com\/becomfederation\/\",\"https:\/\/www.youtube.com\/@becom-federation\",\"https:\/\/open.spotify.com\/show\/0oBItlT3FIpj6AxEqllkta\"]},{\"@type\":\"Person\",\"@id\":\"https:\/\/becom.digital\/fr\/#\/schema\/person\/9d2f9325b57c5b0c6f00b71c75dbc97f\",\"name\":\"SafeShops.be\",\"image\":{\"@type\":\"ImageObject\",\"inLanguage\":\"fr-FR\",\"@id\":\"https:\/\/becom.digital\/fr\/#\/schema\/person\/image\/\",\"url\":\"https:\/\/secure.gravatar.com\/avatar\/da5393b081e417a6ab1ceca8c0015557335249f645266f1ac2052b2db52d59f2?s=96&d=mm&r=g\",\"contentUrl\":\"https:\/\/secure.gravatar.com\/avatar\/da5393b081e417a6ab1ceca8c0015557335249f645266f1ac2052b2db52d59f2?s=96&d=mm&r=g\",\"caption\":\"SafeShops.be\"},\"sameAs\":[\"http:\/\/www.safeshops.be\"],\"url\":\"https:\/\/becom.digital\/fr\/author\/safeshops-be\/\"}]}<\/script>\n<!-- \/ Yoast SEO plugin. -->","yoast_head_json":{"title":"Communiqu\u00e9 de presse: BeCommerce et SafeShops.be annoncent leur fusion - Becom","description":"Communiqu\u00e9 de presse: BeCommerce et SafeShops.be annoncent leur fusion","robots":{"index":"index","follow":"follow","max-snippet":"max-snippet:-1","max-image-preview":"max-image-preview:large","max-video-preview":"max-video-preview:-1"},"canonical":"https:\/\/becom.digital\/fr\/communique-de-presse-becommerce-et-safeshops-be-annoncent-leur-fusion\/","og_locale":"fr_FR","og_type":"article","og_title":"Communiqu\u00e9 de presse: BeCommerce et SafeShops.be annoncent leur fusion - Becom","og_description":"Communiqu\u00e9 de presse: BeCommerce et SafeShops.be annoncent leur fusion","og_url":"https:\/\/becom.digital\/fr\/communique-de-presse-becommerce-et-safeshops-be-annoncent-leur-fusion\/","og_site_name":"Becom","article_publisher":"https:\/\/www.facebook.com\/Becomdigitalfederation\/","article_published_time":"2023-10-26T07:17:26+00:00","article_modified_time":"2025-04-10T14:39:00+00:00","og_image":[{"width":2475,"height":2475,"url":"https:\/\/becom.digital\/app\/uploads\/2023\/01\/press-fusie-1.png","type":"image\/png"}],"author":"SafeShops.be","twitter_card":"summary_large_image","twitter_creator":"@becomdigital","twitter_site":"@becomdigital","twitter_misc":{"Written by":"SafeShops.be","Est. reading time":"3 minutes"},"schema":{"@context":"https:\/\/schema.org","@graph":[{"@type":"Article","@id":"https:\/\/becom.digital\/fr\/communique-de-presse-becommerce-et-safeshops-be-annoncent-leur-fusion\/#article","isPartOf":{"@id":"https:\/\/becom.digital\/fr\/communique-de-presse-becommerce-et-safeshops-be-annoncent-leur-fusion\/"},"author":{"name":"SafeShops.be","@id":"https:\/\/becom.digital\/fr\/#\/schema\/person\/9d2f9325b57c5b0c6f00b71c75dbc97f"},"headline":"Communiqu\u00e9 de presse: BeCommerce et SafeShops.be annoncent leur fusion","datePublished":"2023-10-26T07:17:26+00:00","dateModified":"2025-04-10T14:39:00+00:00","mainEntityOfPage":{"@id":"https:\/\/becom.digital\/fr\/communique-de-presse-becommerce-et-safeshops-be-annoncent-leur-fusion\/"},"wordCount":895,"publisher":{"@id":"https:\/\/becom.digital\/fr\/#organization"},"image":{"@id":"https:\/\/becom.digital\/fr\/communique-de-presse-becommerce-et-safeshops-be-annoncent-leur-fusion\/#primaryimage"},"thumbnailUrl":"https:\/\/becom.digital\/app\/uploads\/2023\/01\/press-fusie-1.png","articleSection":["Communiqu\u00e9 de presse"],"inLanguage":"fr-FR"},{"@type":"WebPage","@id":"https:\/\/becom.digital\/fr\/communique-de-presse-becommerce-et-safeshops-be-annoncent-leur-fusion\/","url":"https:\/\/becom.digital\/fr\/communique-de-presse-becommerce-et-safeshops-be-annoncent-leur-fusion\/","name":"Communiqu\u00e9 de presse: BeCommerce et SafeShops.be annoncent leur fusion - Becom","isPartOf":{"@id":"https:\/\/becom.digital\/fr\/#website"},"primaryImageOfPage":{"@id":"https:\/\/becom.digital\/fr\/communique-de-presse-becommerce-et-safeshops-be-annoncent-leur-fusion\/#primaryimage"},"image":{"@id":"https:\/\/becom.digital\/fr\/communique-de-presse-becommerce-et-safeshops-be-annoncent-leur-fusion\/#primaryimage"},"thumbnailUrl":"https:\/\/becom.digital\/app\/uploads\/2023\/01\/press-fusie-1.png","datePublished":"2023-10-26T07:17:26+00:00","dateModified":"2025-04-10T14:39:00+00:00","description":"Communiqu\u00e9 de presse: BeCommerce et SafeShops.be annoncent leur fusion","breadcrumb":{"@id":"https:\/\/becom.digital\/fr\/communique-de-presse-becommerce-et-safeshops-be-annoncent-leur-fusion\/#breadcrumb"},"inLanguage":"fr-FR","potentialAction":[{"@type":"ReadAction","target":["https:\/\/becom.digital\/fr\/communique-de-presse-becommerce-et-safeshops-be-annoncent-leur-fusion\/"]}]},{"@type":"ImageObject","inLanguage":"fr-FR","@id":"https:\/\/becom.digital\/fr\/communique-de-presse-becommerce-et-safeshops-be-annoncent-leur-fusion\/#primaryimage","url":"https:\/\/becom.digital\/app\/uploads\/2023\/01\/press-fusie-1.png","contentUrl":"https:\/\/becom.digital\/app\/uploads\/2023\/01\/press-fusie-1.png","width":2475,"height":2475},{"@type":"BreadcrumbList","@id":"https:\/\/becom.digital\/fr\/communique-de-presse-becommerce-et-safeshops-be-annoncent-leur-fusion\/#breadcrumb","itemListElement":[{"@type":"ListItem","position":1,"name":"Home","item":"https:\/\/becom.digital\/fr\/"},{"@type":"ListItem","position":2,"name":"Communiqu\u00e9 de presse: BeCommerce et SafeShops.be annoncent leur fusion"}]},{"@type":"WebSite","@id":"https:\/\/becom.digital\/fr\/#website","url":"https:\/\/becom.digital\/fr\/","name":"Becom","description":"Your digital wings","publisher":{"@id":"https:\/\/becom.digital\/fr\/#organization"},"potentialAction":[{"@type":"SearchAction","target":{"@type":"EntryPoint","urlTemplate":"https:\/\/becom.digital\/fr\/?s={search_term_string}"},"query-input":{"@type":"PropertyValueSpecification","valueRequired":true,"valueName":"search_term_string"}}],"inLanguage":"fr-FR"},{"@type":"Organization","@id":"https:\/\/becom.digital\/fr\/#organization","name":"Becom","url":"https:\/\/becom.digital\/fr\/","logo":{"@type":"ImageObject","inLanguage":"fr-FR","@id":"https:\/\/becom.digital\/fr\/#\/schema\/logo\/image\/","url":"https:\/\/becom.digital\/app\/uploads\/2023\/10\/Becom_logo_POS_basic-3-e1697538309895.png","contentUrl":"https:\/\/becom.digital\/app\/uploads\/2023\/10\/Becom_logo_POS_basic-3-e1697538309895.png","width":200,"height":72,"caption":"Becom"},"image":{"@id":"https:\/\/becom.digital\/fr\/#\/schema\/logo\/image\/"},"sameAs":["https:\/\/www.facebook.com\/Becomdigitalfederation\/","https:\/\/x.com\/becomdigital","https:\/\/www.linkedin.com\/company\/becomfederation\/","https:\/\/www.instagram.com\/becomfederation\/","https:\/\/www.youtube.com\/@becom-federation","https:\/\/open.spotify.com\/show\/0oBItlT3FIpj6AxEqllkta"]},{"@type":"Person","@id":"https:\/\/becom.digital\/fr\/#\/schema\/person\/9d2f9325b57c5b0c6f00b71c75dbc97f","name":"SafeShops.be","image":{"@type":"ImageObject","inLanguage":"fr-FR","@id":"https:\/\/becom.digital\/fr\/#\/schema\/person\/image\/","url":"https:\/\/secure.gravatar.com\/avatar\/da5393b081e417a6ab1ceca8c0015557335249f645266f1ac2052b2db52d59f2?s=96&d=mm&r=g","contentUrl":"https:\/\/secure.gravatar.com\/avatar\/da5393b081e417a6ab1ceca8c0015557335249f645266f1ac2052b2db52d59f2?s=96&d=mm&r=g","caption":"SafeShops.be"},"sameAs":["http:\/\/www.safeshops.be"],"url":"https:\/\/becom.digital\/fr\/author\/safeshops-be\/"}]}},"_links":{"self":[{"href":"https:\/\/becom.digital\/fr\/wp-json\/wp\/v2\/posts\/45626","targetHints":{"allow":["GET"]}}],"collection":[{"href":"https:\/\/becom.digital\/fr\/wp-json\/wp\/v2\/posts"}],"about":[{"href":"https:\/\/becom.digital\/fr\/wp-json\/wp\/v2\/types\/post"}],"author":[{"embeddable":true,"href":"https:\/\/becom.digital\/fr\/wp-json\/wp\/v2\/users\/2"}],"replies":[{"embeddable":true,"href":"https:\/\/becom.digital\/fr\/wp-json\/wp\/v2\/comments?post=45626"}],"version-history":[{"count":5,"href":"https:\/\/becom.digital\/fr\/wp-json\/wp\/v2\/posts\/45626\/revisions"}],"predecessor-version":[{"id":60587,"href":"https:\/\/becom.digital\/fr\/wp-json\/wp\/v2\/posts\/45626\/revisions\/60587"}],"wp:featuredmedia":[{"embeddable":true,"href":"https:\/\/becom.digital\/fr\/wp-json\/wp\/v2\/media\/49925"}],"wp:attachment":[{"href":"https:\/\/becom.digital\/fr\/wp-json\/wp\/v2\/media?parent=45626"}],"wp:term":[{"taxonomy":"category","embeddable":true,"href":"https:\/\/becom.digital\/fr\/wp-json\/wp\/v2\/categories?post=45626"},{"taxonomy":"post_tag","embeddable":true,"href":"https:\/\/becom.digital\/fr\/wp-json\/wp\/v2\/tags?post=45626"}],"curies":[{"name":"wp","href":"https:\/\/api.w.org\/{rel}","templated":true}]}}